{"id":21506,"date":"2016-05-19T19:53:04","date_gmt":"2016-05-19T22:53:04","guid":{"rendered":"http:\/\/otakugattai.com.br\/og\/?p=21506"},"modified":"2016-05-19T19:53:23","modified_gmt":"2016-05-19T22:53:23","slug":"mis-com-exposicao-inedita-dos-x-men","status":"publish","type":"post","link":"https:\/\/otakugattai.com.br\/og\/mis-com-exposicao-inedita-dos-x-men\/","title":{"rendered":"MIS com exposi\u00e7\u00e3o in\u00e9dita dos X-Men"},"content":{"rendered":"<p><strong><em>Exposi\u00e7\u00e3o :\u00a017 maio a 03 julho de 2016.<br \/>\nTer\u00e7a a S\u00e1bado, das 12h \u00e0s 21h, Domingos e Feriados, das 11h \u00e0s 20h.<br \/>\nIngresso: gratuito<br \/>\n<span class=\"street-address\">Avenida Europa, 158\u00a0<\/span><span class=\"locality\">Jardim Europa &#8211; Oeste<\/span><br \/>\n<span class=\"city\">S\u00e3o Paulo<\/span><br \/>\n<span class=\"tel\">(11) 2117-4777<\/span><\/em><\/strong><\/p>\n<p>Do Metr\u00f4 Faria Lima, Linha Amarela at\u00e9 o MIS uns 3o Minutos de caminhada se preferir.<br \/>\n<a href=\"http:\/\/otakugattai.com.br\/og\/wp-content\/uploads\/2016\/05\/OG-museu-da-imagem-e-som.jpg\" rel=\"attachment wp-att-21512\"><img loading=\"lazy\" decoding=\"async\" class=\"alignnone wp-image-21512\" src=\"http:\/\/otakugattai.com.br\/og\/wp-content\/uploads\/2016\/05\/OG-museu-da-imagem-e-som.jpg\" alt=\"OG museu da imagem e som\" width=\"530\" height=\"353\" srcset=\"https:\/\/otakugattai.com.br\/og\/wp-content\/uploads\/2016\/05\/OG-museu-da-imagem-e-som.jpg 3200w, https:\/\/otakugattai.com.br\/og\/wp-content\/uploads\/2016\/05\/OG-museu-da-imagem-e-som-300x200.jpg 300w, https:\/\/otakugattai.com.br\/og\/wp-content\/uploads\/2016\/05\/OG-museu-da-imagem-e-som-768x513.jpg 768w, https:\/\/otakugattai.com.br\/og\/wp-content\/uploads\/2016\/05\/OG-museu-da-imagem-e-som-1024x684.jpg 1024w\" sizes=\"auto, (max-width: 530px) 100vw, 530px\" \/><\/a><br \/>\nExposi\u00e7\u00e3o\u00a0<em><strong>X-men Filmes EXPO \u2013 dos filmes para o museu<\/strong><\/em><strong><em>, realizada em parceria com \u00a0Fox Film do Brasil. A mostra, in\u00e9dita, apresenta objetos originais utilizados nas filmagens da saga, e comemora \u00e0 estreia do filme\u00a0<\/em><\/strong><em><strong>X-men: apocalipse<\/strong><\/em><strong><em>, que acontece dia 19 de maio nos cinemas.<\/em><\/strong><strong><em><br \/>\n<a href=\"http:\/\/otakugattai.com.br\/og\/wp-content\/uploads\/2016\/05\/mh_interna_dsc_0139.jpg\" rel=\"attachment wp-att-21510\"><img loading=\"lazy\" decoding=\"async\" class=\"alignnone wp-image-21510\" src=\"http:\/\/otakugattai.com.br\/og\/wp-content\/uploads\/2016\/05\/mh_interna_dsc_0139.jpg\" alt=\"mh_interna_dsc_0139\" width=\"477\" height=\"368\" srcset=\"https:\/\/otakugattai.com.br\/og\/wp-content\/uploads\/2016\/05\/mh_interna_dsc_0139.jpg 390w, https:\/\/otakugattai.com.br\/og\/wp-content\/uploads\/2016\/05\/mh_interna_dsc_0139-300x232.jpg 300w\" sizes=\"auto, (max-width: 477px) 100vw, 477px\" \/><\/a><br \/>\nPara promover o universo dos mutantes, a exposi\u00e7\u00e3o interativa re\u00fane pain\u00e9is, trajes originais dos filmes e objetos de cena, como as garras do Wolverine, o visor original do personagem Ciclope, o capacete do professor Xavier, entre outros. Ao todo, s\u00e3o 41 pe\u00e7as de cena, al\u00e9m dos figurinos utilizados pelos atores Halle Berry (como Storm em\u00a0<\/em><\/strong><em><strong>X-men<\/strong><\/em><strong><em>), Alan Cumming (Noturno em\u00a0<\/em><\/strong><em><strong>X2<\/strong><\/em><strong><em>), Haley Ramm (Jean Grey em\u00a0<\/em><\/strong><em><strong>X-men: O Confronto Final<\/strong><\/em><strong><em>), James McAvoy (Xavier em\u00a0<\/em><\/strong><em><strong>X-men: Primeira Classe<\/strong><\/em><strong><em>) e Michael Fassbender (Magneto, em\u00a0<\/em><\/strong><em><strong>X-men: Dias de Um Futuro Esquecido<\/strong><\/em><strong><em>).\u00a0<\/em><\/strong><strong><em><br \/>\n<a href=\"http:\/\/otakugattai.com.br\/og\/wp-content\/uploads\/2016\/05\/x-men_JLffpta.jpg\" rel=\"attachment wp-att-21509\"><img loading=\"lazy\" decoding=\"async\" class=\"alignnone wp-image-21509\" src=\"http:\/\/otakugattai.com.br\/og\/wp-content\/uploads\/2016\/05\/x-men_JLffpta.jpg\" alt=\"x-men_JLffpta\" width=\"482\" height=\"322\" srcset=\"https:\/\/otakugattai.com.br\/og\/wp-content\/uploads\/2016\/05\/x-men_JLffpta.jpg 696w, https:\/\/otakugattai.com.br\/og\/wp-content\/uploads\/2016\/05\/x-men_JLffpta-300x200.jpg 300w\" sizes=\"auto, (max-width: 482px) 100vw, 482px\" \/><\/a><br \/>\n\u201cX-Men \u00e9 um \u00edcone da cultura pop e tem tudo a ver com a programa\u00e7\u00e3o do MIS\u201d, diz Andr\u00e9 Sturm, diretor executivo e curador geral do MIS. \u201cA s\u00e9rie teve in\u00edcio nos anos 1960, nos quadrinhos, e na d\u00e9cada seguinte, revolucionou este universo, n\u00e3o s\u00f3 pela narrativa inovadora, como tamb\u00e9m pela tem\u00e1tica que abordava assuntos pol\u00eamicos para a \u00e9poca, como preconceito e intoler\u00e2ncia. Outro aspecto a se destacar foi a cria\u00e7\u00e3o de diversos personagens com etnias diferentes, o que fez com que os cen\u00e1rios tamb\u00e9m fossem ampliados, e consequentemente, a quest\u00e3o multicultural. A s\u00e9rie tornou-se ic\u00f4nica e gerou preocupa\u00e7\u00e3o entre os f\u00e3s quando foi anunciada sua primeira vers\u00e3o para o cinema. A genial adapta\u00e7\u00e3o foi enorme sucesso, por conseguir transpor para o universo do cinema o clima e os personagens de maneira perfeita e fiel, sendo com certeza a melhor s\u00e9rie cinematogr\u00e1fica baseada em personagens dos quadrinhos\u201d, explica.<\/em><\/strong><\/p>\n<p>Al\u00e9m de marcar a chegada do filme\u00a0<em><strong>X-men: Apocalipse<\/strong><\/em><strong><em>\u00a0<\/em><\/strong><strong><em>no pa\u00eds, a exposi\u00e7\u00e3o enaltece a cultura pop. Para diretora de Marketing da Fox, Camila Pacheco, a iniciativa aproximar\u00e1 os f\u00e3s da s\u00e9rie e o p\u00fablico em geral do processo criativo de cada filme. \u201c\u00c9 um privil\u00e9gio trazer ao Brasil uma exposi\u00e7\u00e3o ic\u00f4nica do universo cinematogr\u00e1fico de \u00a0X-men. O p\u00fablico conhecer\u00e1 de perto itens que conferem magia ao cinema e poder\u00e3o relembrar alguns momentos, por meio de uma linha do tempo\u201d<br \/>\nSite:\u00a0<a href=\"http:\/\/www.mis-sp.org.br\/icox\/icox.php?mdl=mis&amp;op=programacao_interna&amp;id_event=2098\" target=\"_blank\">http:\/\/www.mis-sp.org.br\/icox\/icox.php?mdl=mis&amp;op=programacao_interna&amp;id_event=2098<\/a><br \/>\n<a href=\"http:\/\/otakugattai.com.br\/og\/wp-content\/uploads\/2016\/05\/3iyyr5939wrbr5w7q9ewb7gif.jpg\" rel=\"attachment wp-att-21508\"><img loading=\"lazy\" decoding=\"async\" class=\"alignnone wp-image-21508\" src=\"http:\/\/otakugattai.com.br\/og\/wp-content\/uploads\/2016\/05\/3iyyr5939wrbr5w7q9ewb7gif.jpg\" alt=\"3iyyr5939wrbr5w7q9ewb7gif\" width=\"480\" height=\"300\" srcset=\"https:\/\/otakugattai.com.br\/og\/wp-content\/uploads\/2016\/05\/3iyyr5939wrbr5w7q9ewb7gif.jpg 652w, https:\/\/otakugattai.com.br\/og\/wp-content\/uploads\/2016\/05\/3iyyr5939wrbr5w7q9ewb7gif-300x188.jpg 300w\" sizes=\"auto, (max-width: 480px) 100vw, 480px\" \/><\/a><br \/>\n<\/em><\/strong><\/p>\n<p>Fonte:CatracaLivre\/MIS<\/p>\n","protected":false},"excerpt":{"rendered":"<p>Exposi\u00e7\u00e3o :\u00a017 maio a 03 julho de 2016. Ter\u00e7a a S\u00e1bado, das 12h \u00e0s 21h, Domingos e Feriados, das 11h&#46;&#46;&#46;<\/p>\n","protected":false},"author":3,"featured_media":21507,"comment_status":"open","ping_status":"open","sticky":false,"template":"","format":"standard","meta":{"footnotes":""},"categories":[1,23],"tags":[],"class_list":["post-21506","post","type-post","status-publish","format-standard","has-post-thumbnail","hentry","category-blog","category-eventos"],"_links":{"self":[{"href":"https:\/\/otakugattai.com.br\/og\/wp-json\/wp\/v2\/posts\/21506","targetHints":{"allow":["GET"]}}],"collection":[{"href":"https:\/\/otakugattai.com.br\/og\/wp-json\/wp\/v2\/posts"}],"about":[{"href":"https:\/\/otakugattai.com.br\/og\/wp-json\/wp\/v2\/types\/post"}],"author":[{"embeddable":true,"href":"https:\/\/otakugattai.com.br\/og\/wp-json\/wp\/v2\/users\/3"}],"replies":[{"embeddable":true,"href":"https:\/\/otakugattai.com.br\/og\/wp-json\/wp\/v2\/comments?post=21506"}],"version-history":[{"count":4,"href":"https:\/\/otakugattai.com.br\/og\/wp-json\/wp\/v2\/posts\/21506\/revisions"}],"predecessor-version":[{"id":21515,"href":"https:\/\/otakugattai.com.br\/og\/wp-json\/wp\/v2\/posts\/21506\/revisions\/21515"}],"wp:featuredmedia":[{"embeddable":true,"href":"https:\/\/otakugattai.com.br\/og\/wp-json\/wp\/v2\/media\/21507"}],"wp:attachment":[{"href":"https:\/\/otakugattai.com.br\/og\/wp-json\/wp\/v2\/media?parent=21506"}],"wp:term":[{"taxonomy":"category","embeddable":true,"href":"https:\/\/otakugattai.com.br\/og\/wp-json\/wp\/v2\/categories?post=21506"},{"taxonomy":"post_tag","embeddable":true,"href":"https:\/\/otakugattai.com.br\/og\/wp-json\/wp\/v2\/tags?post=21506"}],"curies":[{"name":"wp","href":"https:\/\/api.w.org\/{rel}","templated":true}]}}