{"id":29577,"date":"2019-02-11T22:08:39","date_gmt":"2019-02-12T00:08:39","guid":{"rendered":"http:\/\/otakugattai.com.br\/og\/?p=29577"},"modified":"2019-02-11T22:08:39","modified_gmt":"2019-02-12T00:08:39","slug":"campus-party-brasil-sera-palco-para-1o-forum-brasileiro-de-empreendedorismo-social-e-periferico","status":"publish","type":"post","link":"https:\/\/otakugattai.com.br\/og\/campus-party-brasil-sera-palco-para-1o-forum-brasileiro-de-empreendedorismo-social-e-periferico\/","title":{"rendered":"Campus Party Brasil ser\u00e1 palco para 1\u00ba F\u00f3rum Brasileiro de Empreendedorismo Social e Perif\u00e9rico"},"content":{"rendered":"<p style=\"font-weight: 400;\">A\u00a0<strong><a href=\"http:\/\/brasil.campus-party.org\/\" target=\"_blank\" rel=\"noopener\" data-saferedirecturl=\"https:\/\/www.google.com\/url?q=http:\/\/brasil.campus-party.org\/&amp;source=gmail&amp;ust=1550013174130000&amp;usg=AFQjCNE1drPr8Dohwi6XRONNYUG5RRoH8Q\">Campus Party Brasil<\/a><\/strong><strong>,<\/strong>\u00a0maior imers\u00e3o tecnol\u00f3gica em Internet das Coisas, Blockchain, Cultura Maker, Educa\u00e7\u00e3o e Empreendedorismo do mundo,\u00a0abrigar\u00e1 a primeira edi\u00e7\u00e3o do F\u00f3rum Brasileiro de Empreendedorismo Social e Perif\u00e9rico, organizado pelo\u00a0<a href=\"http:\/\/institutocampusparty.org.br\/\" target=\"_blank\" rel=\"noopener\" data-saferedirecturl=\"https:\/\/www.google.com\/url?q=http:\/\/institutocampusparty.org.br&amp;source=gmail&amp;ust=1550013174130000&amp;usg=AFQjCNEc-rEmnorv2v6XU_8nvEae3aV8JQ\">Instituto Campus Party<\/a>. A #CPBR12 acontece entre os dias 12 e 16 de fevereiro no Expo Center Norte.<\/p>\n<p style=\"font-weight: 400;\">\n<p style=\"font-weight: 400;\">\u201cO 1\u00ba F\u00f3rum Brasileiro de Empreendedorismo Social e Perif\u00e9rico\u200b\u200b tem a proposta de promover o compartilhamento, debate e constru\u00e7\u00e3o de ideias que tratam os mais variados desafios de desenvolvimento social em um momento cada vez mais urgente de mudan\u00e7a na maneira como a periferia vivencia as oportunidades de ruptura\u201d, explica Francesco Farruggia, presidente do Instituto Campus Party.<\/p>\n<p style=\"font-weight: 400;\">\n<p style=\"font-weight: 400;\">Atrav\u00e9s de workshops, palestras e rodas de conversa, o F\u00f3rum apresentar\u00e1 iniciativas reais e de sucesso que acontecem no Brasil e no mundo, a partir de cinco grandes pilares: \u200bEmpreendedorismo Popular, Potenciais Perif\u00e9ricos, Tecnologias de Impacto e Inclus\u00e3o Social\u200b\u200b e Diversidade.<\/p>\n<p style=\"font-weight: 400;\">\n<p style=\"font-weight: 400;\">Os participantes ser\u00e3o convidados a atuarem sobre a proposta de constru\u00e7\u00e3o de um manifesto trazendo elementos de sua realidade, cultura, tradi\u00e7\u00f5es e percep\u00e7\u00e3o de territ\u00f3rio para elabora\u00e7\u00e3o coletiva de um \u200bdocumento que ser\u00e1 entregue \u00e0s autoridades durante a Campus Party Brasil 12.<\/p>\n<p style=\"font-weight: 400;\"><a href=\"http:\/\/otakugattai.com.br\/og\/wp-content\/uploads\/2019\/02\/Campus-Party-lan\u00e7ou-duas-novas-maneira-de-voce-influenciar-a-formatacao-do-evento-em-2019-CPBR12.jpg\"><img loading=\"lazy\" decoding=\"async\" class=\"alignnone  wp-image-29580\" src=\"http:\/\/otakugattai.com.br\/og\/wp-content\/uploads\/2019\/02\/Campus-Party-lan\u00e7ou-duas-novas-maneira-de-voce-influenciar-a-formatacao-do-evento-em-2019-CPBR12.jpg\" alt=\"\" width=\"564\" height=\"317\" srcset=\"https:\/\/otakugattai.com.br\/og\/wp-content\/uploads\/2019\/02\/Campus-Party-lan\u00e7ou-duas-novas-maneira-de-voce-influenciar-a-formatacao-do-evento-em-2019-CPBR12.jpg 712w, https:\/\/otakugattai.com.br\/og\/wp-content\/uploads\/2019\/02\/Campus-Party-lan\u00e7ou-duas-novas-maneira-de-voce-influenciar-a-formatacao-do-evento-em-2019-CPBR12-300x169.jpg 300w\" sizes=\"auto, (max-width: 564px) 100vw, 564px\" \/><\/a><\/p>\n<p style=\"font-weight: 400;\">Segue abaixo a agenda de programa\u00e7\u00e3o do F\u00f3rum:<\/p>\n<p style=\"font-weight: 400;\">\n<p style=\"font-weight: 400;\"><strong>13\/02 &#8211; 12 \u00e0s 13h &#8211; Palco Feel the Future \u2013 Abertura<\/strong><\/p>\n<p style=\"font-weight: 400;\"><strong>\u00a0<\/strong><\/p>\n<p style=\"font-weight: 400;\"><strong>Boas vindas:\u00a0<\/strong>Francesco Faruggia &#8211; Presidente do Instituto Campus Party<\/p>\n<p style=\"font-weight: 400;\"><strong>Palestra:\u00a0<\/strong>A coopera\u00e7\u00e3o como fator de desenvolvimento humano com Raphael Callou \u2013 Organiza\u00e7\u00e3o de Estados Ibero-Americanos (OEI) e Presidente do F\u00f3rum<\/p>\n<p style=\"font-weight: 400;\"><strong>\u00a0<\/strong><\/p>\n<p style=\"font-weight: 400;\"><strong>Programa\u00e7\u00e3o de Palestras<\/strong><\/p>\n<p style=\"font-weight: 400;\"><strong>\u00a0<\/strong><\/p>\n<p style=\"font-weight: 400;\"><strong>13\/02 \u2013 11:00 \u00e0s 11:45 \u2013 Palco Feel The Future<\/strong><\/p>\n<p style=\"font-weight: 400;\"><strong>Palestrante:\u00a0<\/strong>Carlos Humberto \u2013 Diaspora.Black<\/p>\n<p style=\"font-weight: 400;\"><strong>Palestra:\u00a0<\/strong>Empreendedorismo Social e Diversidade como futuro dos neg\u00f3cios<\/p>\n<p style=\"font-weight: 400;\"><strong>\u00a0<\/strong><\/p>\n<p style=\"font-weight: 400;\"><strong>14\/02 \u2013 11 \u00e0s 12h \u2013 Palco Entrepreneurship<\/strong><\/p>\n<p style=\"font-weight: 400;\"><strong>Palestrante:<\/strong>\u00a0J\u00e9ssica Stephenson \u2013 UNESCO\/SESI<\/p>\n<p style=\"font-weight: 400;\"><strong>Palestra:\u00a0<\/strong>Educa\u00e7\u00e3o Livre: queremos uma educa\u00e7\u00e3o criativa, aplicada e com oportunidades<\/p>\n<p style=\"font-weight: 400;\"><strong>\u00a0<\/strong><\/p>\n<p style=\"font-weight: 400;\"><strong>14\/02 \u2013 16:00 \u00e0s 17:00h \u2013 Palco Feel The Future<\/strong><\/p>\n<p style=\"font-weight: 400;\"><strong>Palestrante:\u00a0<\/strong>Francesco Farruggia \u2013 Presidente do Instituto Campus Party<\/p>\n<p style=\"font-weight: 400;\"><strong>Palestra:\u00a0<\/strong>Mais que inclus\u00e3o, Include. Crian\u00e7as hackeando o futuro!<\/p>\n<p style=\"font-weight: 400;\"><strong>\u00a0<\/strong><\/p>\n<p style=\"font-weight: 400;\"><strong>15\/02 \u2013 19:45 \u00e0s 20:30 \u2013 Palco STEAM<\/strong><\/p>\n<p style=\"font-weight: 400;\"><strong>Palestrante:\u00a0<\/strong>Ricardo Podval \u2013 CIVI-CO Neg\u00f3cios de Impacto Social<\/p>\n<p style=\"font-weight: 400;\"><strong>Palestra:\u00a0<\/strong>Oportunidade, Consci\u00eancia e Cidadania: Inova\u00e7\u00f5es com Impacto<\/p>\n<p style=\"font-weight: 400;\"><strong>\u00a0<\/strong><\/p>\n<p style=\"font-weight: 400;\"><strong>15\/02 \u2013 00:00 \u00e0s 00:45h \u2013 Palco STEAM<\/strong><\/p>\n<p style=\"font-weight: 400;\"><strong>Palestrante:\u00a0<\/strong>Vinicius Mendes Lima \u2013 Instituto Besouro<\/p>\n<p style=\"font-weight: 400;\"><strong>Palestra:\u00a0<\/strong>Leite de Pedra<\/p>\n<p style=\"font-weight: 400;\"><strong>\u00a0<a href=\"http:\/\/otakugattai.com.br\/og\/wp-content\/uploads\/2019\/02\/Campus-Party-Brasil-2019.png\"><img loading=\"lazy\" decoding=\"async\" class=\"alignnone  wp-image-29581\" src=\"http:\/\/otakugattai.com.br\/og\/wp-content\/uploads\/2019\/02\/Campus-Party-Brasil-2019.png\" alt=\"\" width=\"670\" height=\"255\" srcset=\"https:\/\/otakugattai.com.br\/og\/wp-content\/uploads\/2019\/02\/Campus-Party-Brasil-2019.png 828w, https:\/\/otakugattai.com.br\/og\/wp-content\/uploads\/2019\/02\/Campus-Party-Brasil-2019-300x114.png 300w, https:\/\/otakugattai.com.br\/og\/wp-content\/uploads\/2019\/02\/Campus-Party-Brasil-2019-768x292.png 768w\" sizes=\"auto, (max-width: 670px) 100vw, 670px\" \/><\/a><\/strong><\/p>\n<p style=\"font-weight: 400;\"><strong>Programa\u00e7\u00e3o de Pain\u00e9is<\/strong><\/p>\n<p style=\"font-weight: 400;\"><strong>\u00a0<\/strong><\/p>\n<p style=\"font-weight: 400;\"><strong>14\/02 \u2013 11 \u00e0s 13h \u2013 Workshop Liberty Seguros<\/strong><\/p>\n<p style=\"font-weight: 400;\"><strong>\u00a0<\/strong><\/p>\n<p style=\"font-weight: 400;\"><strong>Tema: Empreendedorismo Popular e Potenciais Perif\u00e9ricos<\/strong><\/p>\n<p style=\"font-weight: 400;\"><strong>Subtema:\u00a0 A Periferia como \u201cMatriz\u201d e n\u00e3o \u201cFilial\u201d<\/strong><\/p>\n<p style=\"font-weight: 400;\"><strong>\u00a0<\/strong><\/p>\n<p style=\"font-weight: 400;\"><strong>Mediador:<\/strong>\u00a0Raphael Callou \u2013 Organiza\u00e7\u00e3o de Estados Ibero-Americanos (OEI)<\/p>\n<p style=\"font-weight: 400;\"><strong>* apresenta\u00e7\u00e3o dos participantes, cases e discuss\u00f5es<\/strong><\/p>\n<p style=\"font-weight: 400;\"><strong>\u00a0<\/strong><\/p>\n<p style=\"font-weight: 400;\"><strong>Relator:\u00a0<\/strong>Danielle Bezerra<strong>\u00a0<\/strong>(C\u00e9lulas Empreendedoras)<\/p>\n<p style=\"font-weight: 400;\"><strong>\u00a0<\/strong><\/p>\n<p style=\"font-weight: 400;\"><strong>Participantes da Mesa:<\/strong><\/p>\n<p style=\"font-weight: 400;\">&#8211; Vinicius Mendes Lima (Instituto Besouro)<\/p>\n<p style=\"font-weight: 400;\">&#8211; Maur\u00edcio Curi (MAU &#8211; mentor de empreendedores de impacto positivo)<\/p>\n<p style=\"font-weight: 400;\">&#8211; Gustavo Fuga (4you2 \u2013 Ingl\u00eas com estrangeiros)<\/p>\n<p style=\"font-weight: 400;\">&#8211; Carlos Humberto (Diaspora.Black)<\/p>\n<p style=\"font-weight: 400;\"><strong>\u00a0<\/strong><\/p>\n<p style=\"font-weight: 400;\"><strong>\u00a0<\/strong><\/p>\n<p style=\"font-weight: 400;\"><strong>15\/02 &#8211; 11 \u00e0s 13h &#8211; Workshop Liberty Seguros<\/strong><\/p>\n<p style=\"font-weight: 400;\"><strong>\u00a0<\/strong><\/p>\n<p style=\"font-weight: 400;\"><strong>Tema: Educa\u00e7\u00e3o, Inclus\u00e3o e Transforma\u00e7\u00e3o<\/strong><\/p>\n<p style=\"font-weight: 400;\"><strong>Subtema: Iniciativas de impacto social e seus desafios<\/strong><\/p>\n<p style=\"font-weight: 400;\"><strong>\u00a0<\/strong><\/p>\n<p style=\"font-weight: 400;\"><strong>Mediador:\u00a0<\/strong>Gen\u00e9sio Gomes<strong>\u00a0\u2013 C\u00e9lulas Empreendedoras<\/strong><\/p>\n<p style=\"font-weight: 400;\"><strong>* apresenta\u00e7\u00e3o dos participantes, cases e discuss\u00f5es<\/strong><\/p>\n<p style=\"font-weight: 400;\"><strong>\u00a0<\/strong><\/p>\n<p style=\"font-weight: 400;\"><strong>Relator:\u00a0<\/strong>Raphael Callou Organiza\u00e7\u00e3o de Estados Ibero-Americanos (OEI) e Presidente do F\u00f3rum<\/p>\n<p style=\"font-weight: 400;\">\n<p style=\"font-weight: 400;\"><strong>Participantes da Mesa:<\/strong><\/p>\n<p style=\"font-weight: 400;\">&#8211; Sidiane Zanin (Projeto Include &#8211; Instituto Campus Party)<\/p>\n<p style=\"font-weight: 400;\">&#8211; Jessica Stephenson (UNESCO\/SESI)<\/p>\n<p style=\"font-weight: 400;\">&#8211; Ricardo Podval (CIVI-CO Neg\u00f3cios de Impacto Social)<\/p>\n<p style=\"font-weight: 400;\"><strong>&#8211;\u00a0<\/strong>Eduardo Azevedo (ALFASOL)<\/p>\n<p style=\"font-weight: 400;\">&#8211; F\u00e1bio Silva (Porto Social e Transforma Brasil)<\/p>\n<p style=\"font-weight: 400;\">&#8211; Valmir Dias (Ouvidoria Geral da Uni\u00e3o)<\/p>\n<p style=\"font-weight: 400;\"><strong>\u00a0<\/strong><\/p>\n<p style=\"font-weight: 400;\"><strong>16\/02 &#8211; 11 \u00e0s 11h45 &#8211; Palco Feel the Future &#8211; Encerramento<\/strong><\/p>\n<p style=\"font-weight: 400;\"><strong>Apresenta\u00e7\u00e3o do Manifesto:\u00a0<\/strong>Raphael Callou \u2013 Organiza\u00e7\u00e3o de Estados Ibero-Americanos (OEI)<\/p>\n<p style=\"font-weight: 400;\"><strong>Conclus\u00e3o e agradecimentos:<\/strong>\u00a0Francesco Farruggia<\/p>\n<p style=\"font-weight: 400;\">*Presen\u00e7a de todos os participantes do F\u00f3rum.<\/p>\n<p style=\"font-weight: 400;\"><strong><u>Ingressos<br \/>\n<\/u><\/strong>Os ingressos para a #CPBR12 j\u00e1 est\u00e3o dispon\u00edveis na plataforma\u00a0campuse.ro\u00a0(<a href=\"https:\/\/campuse.ro\/events\/campus-party-brasil-2019\/\" target=\"_blank\" rel=\"noopener\" data-saferedirecturl=\"https:\/\/www.google.com\/url?q=https:\/\/campuse.ro\/events\/campus-party-brasil-2019\/&amp;source=gmail&amp;ust=1550013174130000&amp;usg=AFQjCNEclieqXhVnrt1f5T-d0JF8Fjbt7Q\">https:\/\/campuse.ro\/events\/campus-party-brasil-2019\/<\/a>). O valor do ingresso para todos dias \u00e9 de R$ 350,00.\u00a0 Para interessados em ingresso e camping individual, o valor \u00e9 de R$ 430,00. Para ingresso e camping duplo o valor \u00e9 de R$ 440,00 por pessoa.<\/p>\n<p style=\"font-weight: 400;\"><strong>\u00a0<a href=\"http:\/\/otakugattai.com.br\/og\/wp-content\/uploads\/2019\/02\/20190120-Como-chegar-\u00e0-Campus-Party-Brasil-e1549929861436.jpg\"><img loading=\"lazy\" decoding=\"async\" class=\"alignnone  wp-image-29579\" src=\"http:\/\/otakugattai.com.br\/og\/wp-content\/uploads\/2019\/02\/20190120-Como-chegar-\u00e0-Campus-Party-Brasil-e1549929861436.jpg\" alt=\"\" width=\"560\" height=\"421\" srcset=\"https:\/\/otakugattai.com.br\/og\/wp-content\/uploads\/2019\/02\/20190120-Como-chegar-\u00e0-Campus-Party-Brasil-e1549929861436.jpg 588w, https:\/\/otakugattai.com.br\/og\/wp-content\/uploads\/2019\/02\/20190120-Como-chegar-\u00e0-Campus-Party-Brasil-e1549929861436-300x226.jpg 300w\" sizes=\"auto, (max-width: 560px) 100vw, 560px\" \/><\/a><\/strong><\/p>\n<p style=\"font-weight: 400;\"><strong>Servi\u00e7o Campus Party Brasil \u2013 12\u00aa edi\u00e7\u00e3o<\/strong><\/p>\n<p style=\"font-weight: 400;\"><strong>Arena:\u00a0<\/strong>de 12 a 17 de fevereiro<\/p>\n<p style=\"font-weight: 400;\"><strong>Open Campus:<\/strong>\u00a0de 13 de a 16 de fevereiro<\/p>\n<p style=\"font-weight: 400;\"><strong>Local:\u00a0<\/strong>Expo Center Norte<\/p>\n<p>Fonte: Campus\/Virta<\/p>\n","protected":false},"excerpt":{"rendered":"<p>A\u00a0Campus Party Brasil,\u00a0maior imers\u00e3o tecnol\u00f3gica em Internet das Coisas, Blockchain, Cultura Maker, Educa\u00e7\u00e3o e Empreendedorismo do mundo,\u00a0abrigar\u00e1 a primeira edi\u00e7\u00e3o&#46;&#46;&#46;<\/p>\n","protected":false},"author":3,"featured_media":29578,"comment_status":"open","ping_status":"open","sticky":false,"template":"","format":"standard","meta":{"footnotes":""},"categories":[1,23],"tags":[],"class_list":["post-29577","post","type-post","status-publish","format-standard","has-post-thumbnail","hentry","category-blog","category-eventos"],"_links":{"self":[{"href":"https:\/\/otakugattai.com.br\/og\/wp-json\/wp\/v2\/posts\/29577","targetHints":{"allow":["GET"]}}],"collection":[{"href":"https:\/\/otakugattai.com.br\/og\/wp-json\/wp\/v2\/posts"}],"about":[{"href":"https:\/\/otakugattai.com.br\/og\/wp-json\/wp\/v2\/types\/post"}],"author":[{"embeddable":true,"href":"https:\/\/otakugattai.com.br\/og\/wp-json\/wp\/v2\/users\/3"}],"replies":[{"embeddable":true,"href":"https:\/\/otakugattai.com.br\/og\/wp-json\/wp\/v2\/comments?post=29577"}],"version-history":[{"count":1,"href":"https:\/\/otakugattai.com.br\/og\/wp-json\/wp\/v2\/posts\/29577\/revisions"}],"predecessor-version":[{"id":29582,"href":"https:\/\/otakugattai.com.br\/og\/wp-json\/wp\/v2\/posts\/29577\/revisions\/29582"}],"wp:featuredmedia":[{"embeddable":true,"href":"https:\/\/otakugattai.com.br\/og\/wp-json\/wp\/v2\/media\/29578"}],"wp:attachment":[{"href":"https:\/\/otakugattai.com.br\/og\/wp-json\/wp\/v2\/media?parent=29577"}],"wp:term":[{"taxonomy":"category","embeddable":true,"href":"https:\/\/otakugattai.com.br\/og\/wp-json\/wp\/v2\/categories?post=29577"},{"taxonomy":"post_tag","embeddable":true,"href":"https:\/\/otakugattai.com.br\/og\/wp-json\/wp\/v2\/tags?post=29577"}],"curies":[{"name":"wp","href":"https:\/\/api.w.org\/{rel}","templated":true}]}}